{"id":101,"date":"2020-08-05T15:34:42","date_gmt":"2020-08-05T15:34:42","guid":{"rendered":"https:\/\/mais2.co\/novidades\/?p=101"},"modified":"2020-09-18T18:39:16","modified_gmt":"2020-09-18T18:39:16","slug":"the-umbrella-academy-retorna-com-mais-problemas-de-familia","status":"publish","type":"post","link":"https:\/\/mais2.co\/novidades\/mundo-geek\/the-umbrella-academy-retorna-com-mais-problemas-de-familia\/","title":{"rendered":"The Umbrella Academy retorna com mais problemas de fam\u00edlia"},"content":{"rendered":"\n<pre class=\"wp-block-preformatted\">Por Renata Kurisu<br>Especialista em Conte\u00fado<\/pre>\n\n\n\n<p>A segunda temporada de The Umbrella Academy estreou dia 31 de julho, na Netflix, para acalmar os f\u00e3s. Trazendo os sete irm\u00e3os Hargreeves de volta em sua jornada para o desconhecido ap\u00f3s o mundo acabar em 2019, a trama mostra que cada um dos protagonistas foi parar em um momento diferente dos anos 60 em Dallas, no Texas.<\/p>\n\n\n\n<p>A miss\u00e3o deles \u00e9 (ou n\u00e3o) impedir o assassinato do presidente John F. Kennedy, mas a situa\u00e7\u00e3o acaba se transformando em algo muito mais complicado. A adapta\u00e7\u00e3o dos quadrinhos de Gerard Way (vocalista do My Chemical Romance) e Gabriel B\u00e1 (quadrinista brasileiro) chama a aten\u00e7\u00e3o porque n\u00e3o \u00e9 uma s\u00e9rie tradicional sobre super-her\u00f3is e sim sobre adultos cheios de problemas acumulados desde a inf\u00e2ncia que, por coincid\u00eancia, possuem poderes.<\/p>\n\n\n\n<p>Ao chegar no sul dos Estados Unidos cada irm\u00e3o precisa enfrentar sozinho os dilemas da \u00e9poca e cabe a Allison (<a href=\"https:\/\/pt.wikipedia.org\/wiki\/Emmy_Raver-Lampman\">Emmy Raver-Lampman<\/a>) lidar com uma parte dolorosa da hist\u00f3ria estadunidense: a segrega\u00e7\u00e3o entre brancos e pretos. Apesar dos epis\u00f3dios terem sido gravados em 2019, o tema de viol\u00eancia policial e o papel da comunidade afro-americana se torna ainda mais atual.<\/p>\n\n\n\n<p>J\u00e1 Vanya (Ellen Page) sofre um acidente de carro, perde a mem\u00f3ria e vai morar em uma fazenda. Klaus (Robert Sheehan) cria acidentalmente um culto e Ben (Justin Min) fica sem sa\u00edda tendo que ajud\u00e1-lo. Enquanto isso, Diego (<a href=\"https:\/\/pt.wikipedia.org\/wiki\/David_Casta%C3%B1eda\">David Casta\u00f1eda<\/a>) vai parar no hosp\u00edcio porque ningu\u00e9m acredita em suas palavras, e Luther (Tom Hopper) se torna o guarda-costas de um g\u00e2ngster misterioso.<\/p>\n\n\n\n<p>Tudo muda quando Cinco, finalmente, aparece tr\u00eas anos depois do primeiro Hargreeves, descobre que o mundo vai acabar novamente e que h\u00e1 chances de o novo apocalipse ter sido criado com a chegada dos irm\u00e3os em Dallas.<\/p>\n\n\n\n<p>Da\u00ed em diante o roteiro explora a viagem no tempo atrav\u00e9s das falhas de cada personagem e os permite amadurecer depois de anos apontando dedos um para os outros. Claro que o espectador continua com a eterna pergunta: \u201cse eles s\u00e3o t\u00e3o inteligentes por que vivem fazendo tantas escolhas e decis\u00f5es burras?\u201d. Esse deve ser o maior mist\u00e9rio de todos.<\/p>\n\n\n\n<p>Gerard Way continua no seu papel como produtor e respons\u00e1vel por escolher a trilha sonora que ajuda a dar mais vida a essa produ\u00e7\u00e3o. Mesclando sucessos cl\u00e1ssicos (\u201cWon\u2019t Be Long\u201d, da Aretha Franklin) com hits pop (\u201cEverybody\u201d, do Backstreet Boys) e covers de singles atuais (\u201cBad Guy\u201d, The Interrupters), o m\u00fasico cria um ambiente perfeito para desenvolver cada uma das cenas.<\/p>\n\n\n\n<p>O final foge do previs\u00edvel, exceto para aqueles que criam mil teorias enquanto assistem, tenta se atentar para todos os detalhes e poss\u00edveis nuances, deixando a obra aberta para mais uma temporada.<\/p>\n","protected":false},"excerpt":{"rendered":"<p>Por Renata KurisuEspecialista em Conte\u00fado A segunda temporada de The Umbrella Academy estreou dia 31 de julho, na Netflix, para acalmar os f\u00e3s. Trazendo os sete irm\u00e3os Hargreeves de volta em sua jornada para o desconhecido ap\u00f3s o mundo acabar em 2019, a trama mostra que cada um dos protagonistas foi parar em um momento &hellip; <a href=\"https:\/\/mais2.co\/novidades\/mundo-geek\/the-umbrella-academy-retorna-com-mais-problemas-de-familia\/\" class=\"more-link\">Continue lendo<span class=\"screen-reader-text\"> &#8220;The Umbrella Academy retorna com mais problemas de fam\u00edlia&#8221;<\/span><\/a><\/p>\n","protected":false},"author":1,"featured_media":139,"comment_status":"open","ping_status":"open","sticky":false,"template":"","format":"standard","meta":[],"categories":[6,3],"tags":[59,60,65,63,67,64,62,66,61,58],"_links":{"self":[{"href":"https:\/\/mais2.co\/novidades\/wp-json\/wp\/v2\/posts\/101"}],"collection":[{"href":"https:\/\/mais2.co\/novidades\/wp-json\/wp\/v2\/posts"}],"about":[{"href":"https:\/\/mais2.co\/novidades\/wp-json\/wp\/v2\/types\/post"}],"author":[{"embeddable":true,"href":"https:\/\/mais2.co\/novidades\/wp-json\/wp\/v2\/users\/1"}],"replies":[{"embeddable":true,"href":"https:\/\/mais2.co\/novidades\/wp-json\/wp\/v2\/comments?post=101"}],"version-history":[{"count":3,"href":"https:\/\/mais2.co\/novidades\/wp-json\/wp\/v2\/posts\/101\/revisions"}],"predecessor-version":[{"id":109,"href":"https:\/\/mais2.co\/novidades\/wp-json\/wp\/v2\/posts\/101\/revisions\/109"}],"wp:featuredmedia":[{"embeddable":true,"href":"https:\/\/mais2.co\/novidades\/wp-json\/wp\/v2\/media\/139"}],"wp:attachment":[{"href":"https:\/\/mais2.co\/novidades\/wp-json\/wp\/v2\/media?parent=101"}],"wp:term":[{"taxonomy":"category","embeddable":true,"href":"https:\/\/mais2.co\/novidades\/wp-json\/wp\/v2\/categories?post=101"},{"taxonomy":"post_tag","embeddable":true,"href":"https:\/\/mais2.co\/novidades\/wp-json\/wp\/v2\/tags?post=101"}],"curies":[{"name":"wp","href":"https:\/\/api.w.org\/{rel}","templated":true}]}}