{"id":121,"date":"2020-09-08T07:21:37","date_gmt":"2020-09-08T07:21:37","guid":{"rendered":"https:\/\/mais2.co\/novidades\/?p=121"},"modified":"2020-09-08T07:22:11","modified_gmt":"2020-09-08T07:22:11","slug":"bts-blackpink-e-superm-apostam-no-ocidente-nesse-segundo-semestre","status":"publish","type":"post","link":"https:\/\/mais2.co\/novidades\/em-alta\/bts-blackpink-e-superm-apostam-no-ocidente-nesse-segundo-semestre\/","title":{"rendered":"BTS, Blackpink e SuperM apostam no Ocidente nesse segundo semestre"},"content":{"rendered":"\n<figure class=\"wp-container-2 wp-block-gallery-1 wp-block-gallery columns-0 is-cropped\"><ul class=\"blocks-gallery-grid\"><\/ul><\/figure>\n\n\n\n<pre class=\"wp-block-preformatted\">Por Renata Kurisu<br>Especialista em Conte\u00fado<\/pre>\n\n\n\n<p class=\"has-drop-cap\">A m\u00fasica pop coreana deixou de focar apenas no mercado oriental e vem conquistando cada vez mais f\u00e3s no Ocidente nos \u00faltimos anos. Grupos como BTS, Blackpink e SuperM lan\u00e7aram singles no final de agosto e come\u00e7o de setembro e agora observam um crescimento nas paradas musicais.<\/p>\n\n\n\n<p>Essa nova onda de produ\u00e7\u00f5es voltada para o p\u00fablico ocidental come\u00e7ou com SuperM divulgando o pre-single \u201c100\u201d. A boy band, criada pela tradicional ag\u00eancia SM Entertainment em parceria com a estadunidense Capitol Music, \u00e9 composta por sete integrantes que fazem parte de outros quatro grupos da SM: SHINee, EXO, NCT e WayV. O apelido de \u201cVingadores do K-pop\u201d n\u00e3o veio \u00e0 toa, afinal eles foram escolhidos dentro de seus pr\u00f3prios projetos para fazer parte do supergrupo.<\/p>\n\n\n\n<p>Duas semanas depois, em 1\u00ba de setembro, SuperM surpreendeu com o lan\u00e7amento da energ\u00e9tica \u201cTiger Inside\u201d para continuar a promo\u00e7\u00e3o do \u201cSuper One\u201d, primeiro \u00e1lbum completo dos cantores que tamb\u00e9m conta com \u201cWith You\u201d, m\u00fasica performada pela primeira vez durante a live \u201cOne World: Together At Home\u201d.<\/p>\n\n\n\n<p>J\u00e1 BTS, o maior queridinho do momento, inovou ao apresentar \u201cDynamite\u201d, que se consagrou um sucesso rapidamente! O videoclipe bateu todos os recordes do YouTube ao ultrapassar as mais de 101.1 milh\u00f5es visualiza\u00e7\u00f5es em suas primeiras 24 horas. N\u00e3o s\u00f3 isso, a estreia juntou mais de 3 milh\u00f5es de pessoas ultrapassando o recorde que era de um outro grupo de k-pop, o Blackpink.<\/p>\n\n\n\n<p>Influenciada pela m\u00fasica disco e carregada com bastante elementos de soul e funk, a can\u00e7\u00e3o deu a boy band coreana o maior reconhecimento poss\u00edvel dentro das paradas musicais norte-americana: a estreia in\u00e9dita no primeiro lugar da Billboard Hot 100. Essa \u00e9 a primeira vez que um artista da Coreia do Sul chega a mais alta posi\u00e7\u00e3o do Hot 100 j\u00e1 que Psy chegou a segunda posi\u00e7\u00e3o com \u201cGangnam Style\u201d.<\/p>\n\n\n\n<p>Ainda colhendo os frutos de seus trabalhos, BTS acabou sendo reconhecido em quatro categorias diferentes do Video Music Awards 2020 (MTV VMA). Os rapazes levaram para casa o pr\u00eamio por \u201cMelhor Grupo\u201d, \u201cMelhor M\u00fasica Pop\u201d, \u201cMelhor M\u00fasica de K-pop\u201d e \u201cMelhor Coreografia\u201d, todos os tr\u00eas \u00faltimos conquistados pelo single \u201cOn\u201d.<\/p>\n\n\n\n<p>Por \u00faltimo, o grupo feminino Blackpink convidou Selena Gomez para uma colabora\u00e7\u00e3o diferente do que o quarteto est\u00e1 acostumado a lan\u00e7ar e surpreendeu os f\u00e3s. \u201cIce Cream\u201d aposta em uma pegada mais divertida, pop e sem grandes mudan\u00e7as em sua estrutura, al\u00e9m de ser quase toda em ingl\u00eas. A ex-artista da Disney se mostrou super confort\u00e1vel e chegou a roubar a cena em certos momentos do clipe.<\/p>\n\n\n\n<p>Al\u00e9m disso, as garotas tamb\u00e9m puderam celebrar ao serem premiadas pelo VMA 2020 com o astronauta de \u201cMelhor M\u00fasica do Ver\u00e3o\u201d pelo hit \u201cHow You Like That\u201d. A categoria ainda contava com artistas como Dua Lipa, Taylor Swift, The Weeknd, e Cardi B.<\/p>\n","protected":false},"excerpt":{"rendered":"<p>Por Renata KurisuEspecialista em Conte\u00fado A m\u00fasica pop coreana deixou de focar apenas no mercado oriental e vem conquistando cada vez mais f\u00e3s no Ocidente nos \u00faltimos anos. Grupos como BTS, Blackpink e SuperM lan\u00e7aram singles no final de agosto e come\u00e7o de setembro e agora observam um crescimento nas paradas musicais. Essa nova onda &hellip; <a href=\"https:\/\/mais2.co\/novidades\/em-alta\/bts-blackpink-e-superm-apostam-no-ocidente-nesse-segundo-semestre\/\" class=\"more-link\">Continue lendo<span class=\"screen-reader-text\"> &#8220;BTS, Blackpink e SuperM apostam no Ocidente nesse segundo semestre&#8221;<\/span><\/a><\/p>\n","protected":false},"author":1,"featured_media":122,"comment_status":"open","ping_status":"open","sticky":false,"template":"","format":"gallery","meta":[],"categories":[6],"tags":[84,82,87,88,85,86],"_links":{"self":[{"href":"https:\/\/mais2.co\/novidades\/wp-json\/wp\/v2\/posts\/121"}],"collection":[{"href":"https:\/\/mais2.co\/novidades\/wp-json\/wp\/v2\/posts"}],"about":[{"href":"https:\/\/mais2.co\/novidades\/wp-json\/wp\/v2\/types\/post"}],"author":[{"embeddable":true,"href":"https:\/\/mais2.co\/novidades\/wp-json\/wp\/v2\/users\/1"}],"replies":[{"embeddable":true,"href":"https:\/\/mais2.co\/novidades\/wp-json\/wp\/v2\/comments?post=121"}],"version-history":[{"count":4,"href":"https:\/\/mais2.co\/novidades\/wp-json\/wp\/v2\/posts\/121\/revisions"}],"predecessor-version":[{"id":126,"href":"https:\/\/mais2.co\/novidades\/wp-json\/wp\/v2\/posts\/121\/revisions\/126"}],"wp:featuredmedia":[{"embeddable":true,"href":"https:\/\/mais2.co\/novidades\/wp-json\/wp\/v2\/media\/122"}],"wp:attachment":[{"href":"https:\/\/mais2.co\/novidades\/wp-json\/wp\/v2\/media?parent=121"}],"wp:term":[{"taxonomy":"category","embeddable":true,"href":"https:\/\/mais2.co\/novidades\/wp-json\/wp\/v2\/categories?post=121"},{"taxonomy":"post_tag","embeddable":true,"href":"https:\/\/mais2.co\/novidades\/wp-json\/wp\/v2\/tags?post=121"}],"curies":[{"name":"wp","href":"https:\/\/api.w.org\/{rel}","templated":true}]}}