{"id":128,"date":"2020-09-17T15:14:08","date_gmt":"2020-09-17T15:14:08","guid":{"rendered":"https:\/\/mais2.co\/novidades\/?p=128"},"modified":"2020-09-17T15:16:01","modified_gmt":"2020-09-17T15:16:01","slug":"thrillers-nordicos-conquistam-a-industria-e-o-publico","status":"publish","type":"post","link":"https:\/\/mais2.co\/novidades\/em-alta\/thrillers-nordicos-conquistam-a-industria-e-o-publico\/","title":{"rendered":"Thrillers n\u00f3rdicos conquistam a ind\u00fastria e o p\u00fablico"},"content":{"rendered":"\n<figure class=\"wp-container-2 wp-block-gallery-1 wp-block-gallery columns-0 is-cropped\"><ul class=\"blocks-gallery-grid\"><\/ul><\/figure>\n\n\n\n<pre class=\"wp-block-preformatted\">Por Liana Fernandes\nJornalista e Especialista em Conte\u00fado e Marketing Digital <\/pre>\n\n\n\n<p class=\"has-drop-cap\">F\u00e3s de thrillers no mundo todo h\u00e1 alguns anos prestam aten\u00e7\u00e3o nas produ\u00e7\u00f5es da Escandin\u00e1via. Desde a estreia de The Killing, gravado na Dinamarca em 2007, at\u00e9 os sucessos mais recentes, como a premiada Dark \u2013 que teve a 3<sup>a<\/sup> e \u00faltima temporada em 2020 \u2013, o g\u00eanero, tamb\u00e9m conhecido como \u201cscandi-noir\u201d ou \u201cnoir n\u00f3rdico\u201d, funciona muito bem por l\u00e1: as narrativas s\u00e3o bem elaboradas, e os cen\u00e1rios glaciares, com a ilumina\u00e7\u00e3o naturalmente mais sombria, s\u00e3o perfeitos para as hist\u00f3rias de investiga\u00e7\u00e3o e suspense.<\/p>\n\n\n\n<p>Entre produ\u00e7\u00f5es que circulam entre a literatura e as telinhas, aqui est\u00e3o alguns exemplos que, se voc\u00ea ainda n\u00e3o viu ou n\u00e3o leu, n\u00e3o pode deixar de conhecer! \ud83d\ude42<\/p>\n\n\n\n<p>The Rain, da Dinamarca<\/p>\n\n\n\n<p>Bron\/Broen, da Su\u00e9cia e da Dinamarca<\/p>\n\n\n\n<p>Deadwind, da Finl\u00e2ndia<\/p>\n\n\n\n<p>Boarderliner, da Noruega<\/p>\n\n\n\n<p>Dark, da Alemanha<\/p>\n\n\n\n<p>Kieler Street, da Noruega<\/p>\n\n\n\n<p>Trapped, da Isl\u00e2ndia<\/p>\n\n\n\n<p>Areia Movedi\u00e7a, da Su\u00e9cia<\/p>\n","protected":false},"excerpt":{"rendered":"<p>Por Liana Fernandes Jornalista e Especialista em Conte\u00fado e Marketing Digital F\u00e3s de thrillers no mundo todo h\u00e1 alguns anos prestam aten\u00e7\u00e3o nas produ\u00e7\u00f5es da Escandin\u00e1via. Desde a estreia de The Killing, gravado na Dinamarca em 2007, at\u00e9 os sucessos mais recentes, como a premiada Dark \u2013 que teve a 3a e \u00faltima temporada em &hellip; <a href=\"https:\/\/mais2.co\/novidades\/em-alta\/thrillers-nordicos-conquistam-a-industria-e-o-publico\/\" class=\"more-link\">Continue lendo<span class=\"screen-reader-text\"> &#8220;Thrillers n\u00f3rdicos conquistam a ind\u00fastria e o p\u00fablico&#8221;<\/span><\/a><\/p>\n","protected":false},"author":1,"featured_media":129,"comment_status":"open","ping_status":"open","sticky":false,"template":"","format":"gallery","meta":[],"categories":[6],"tags":[100,97,98,94,99,66,92,91,95,96,93,89,90,101],"_links":{"self":[{"href":"https:\/\/mais2.co\/novidades\/wp-json\/wp\/v2\/posts\/128"}],"collection":[{"href":"https:\/\/mais2.co\/novidades\/wp-json\/wp\/v2\/posts"}],"about":[{"href":"https:\/\/mais2.co\/novidades\/wp-json\/wp\/v2\/types\/post"}],"author":[{"embeddable":true,"href":"https:\/\/mais2.co\/novidades\/wp-json\/wp\/v2\/users\/1"}],"replies":[{"embeddable":true,"href":"https:\/\/mais2.co\/novidades\/wp-json\/wp\/v2\/comments?post=128"}],"version-history":[{"count":3,"href":"https:\/\/mais2.co\/novidades\/wp-json\/wp\/v2\/posts\/128\/revisions"}],"predecessor-version":[{"id":132,"href":"https:\/\/mais2.co\/novidades\/wp-json\/wp\/v2\/posts\/128\/revisions\/132"}],"wp:featuredmedia":[{"embeddable":true,"href":"https:\/\/mais2.co\/novidades\/wp-json\/wp\/v2\/media\/129"}],"wp:attachment":[{"href":"https:\/\/mais2.co\/novidades\/wp-json\/wp\/v2\/media?parent=128"}],"wp:term":[{"taxonomy":"category","embeddable":true,"href":"https:\/\/mais2.co\/novidades\/wp-json\/wp\/v2\/categories?post=128"},{"taxonomy":"post_tag","embeddable":true,"href":"https:\/\/mais2.co\/novidades\/wp-json\/wp\/v2\/tags?post=128"}],"curies":[{"name":"wp","href":"https:\/\/api.w.org\/{rel}","templated":true}]}}