{"id":70,"date":"2020-07-16T18:49:35","date_gmt":"2020-07-16T18:49:35","guid":{"rendered":"https:\/\/mais2.co\/novidades\/?p=70"},"modified":"2020-08-21T10:20:45","modified_gmt":"2020-08-21T10:20:45","slug":"conhece-o-seu-publico-alvo","status":"publish","type":"post","link":"https:\/\/mais2.co\/novidades\/marketing\/conhece-o-seu-publico-alvo\/","title":{"rendered":"Conhece o seu p\u00fablico-alvo?"},"content":{"rendered":"\n<pre class=\"wp-block-preformatted\">Por Isabel Diniz\nEspecialista em Conte\u00fado e UX Writer\nFoto: <a href=\"https:\/\/www.freepik.com\/free-photos-vectors\/banner\">tirachard \/ Freepik<\/a> <\/pre>\n\n\n\n<p class=\"has-drop-cap\">\u00c0 medida que h\u00e1 cada vez mais usu\u00e1rios de m\u00eddia digital, as empresas sentem necessidade de estar presentes nesse segmento tamb\u00e9m. E as ag\u00eancias de m\u00eddia engajadas com o sucesso de seus clientes sabem que \u00e9 preciso usar dados personalizados para atingir os consumidores da maneira que as empresas desejam, sem deixar de fora a avalia\u00e7\u00e3o de dados provenientes das redes sociais, do p\u00fablico-alvo. E ser\u00e1 que as empresas conhecem mesmo a sua audi\u00eancia? Existe demanda para o que a empresa quer vender?<\/p>\n\n\n\n<p>\u00c9 imprescind\u00edvel que a empresa conhe\u00e7a bem o seu p\u00fablico, mas n\u00e3o s\u00f3 isso. \u00c9 preciso entender como ele se relaciona com a sua marca. A palavra-chave nesse quesito \u00e9: pesquisa. Pesquisar sobre seu consumidor, do que ele gosta, seus h\u00e1bitos de compra, identificar o que ele busca ao optar pela sua marca dentre todas as outras \u00e9 o que vai direcionar voc\u00ea para um conte\u00fado relevante e criar engajamento com o p\u00fablico.<\/p>\n\n\n\n<h2><strong>Onde encontrar o seu p\u00fablico-alvo<\/strong><\/h2>\n\n\n\n<p>Algo bastante comum entre as empresas \u00e9 achar que para ter uma boa presen\u00e7a on-line \u00e9 necess\u00e1rio estar em todas as redes sociais, mas isso \u00e9 um engano. Da mesma forma que \u00e9 preciso saber para quem voc\u00ea est\u00e1 vendendo, \u00e9 important\u00edssimo saber onde encontrar as pessoas para quem voc\u00ea quer vender.<\/p>\n\n\n\n<p>Se o seu p\u00fablico \u00e9 mais velho, n\u00e3o h\u00e1 raz\u00e3o para ter uma conta no TikTok, por exemplo. Sua audi\u00eancia n\u00e3o vai estar l\u00e1. N\u00e3o adianta nada criar conte\u00fados incr\u00edveis se ningu\u00e9m vai interagir com a sua marca. Uma grande vantagem das redes sociais \u00e9 que voc\u00ea pode analisar quais plataformas trazem maior resultado e investir naquelas que de fato t\u00eam condi\u00e7\u00f5es de dar o melhor retorno.<\/p>\n\n\n\n<h2><strong>Como falar com o seu p\u00fablico-alvo<\/strong><\/h2>\n\n\n\n<p>Voc\u00ea j\u00e1 sabe quem \u00e9 seu p\u00fablico e j\u00e1 sabe onde encontr\u00e1-lo. Mas voc\u00ea sabe conversar com ele? Cada rede social exige um tom diferente, e \u00e9 necess\u00e1rio distingui-lo em seus posts. Pode ser mais informal? Pode ter piadinhas? Ou a formalidade \u00e9 que se encaixa melhor?<\/p>\n\n\n\n<p>Em cada post, nunca se esque\u00e7a de com quem voc\u00ea est\u00e1 conversando. Usar uma linguagem com a qual o seu p\u00fablico-alvo se identifica faz com que voc\u00ea estabele\u00e7a conex\u00f5es emocionais muito mais facilmente e de forma natural.<strong><\/strong><\/p>\n","protected":false},"excerpt":{"rendered":"<p>Por Isabel Diniz Especialista em Conte\u00fado e UX Writer Foto: tirachard \/ Freepik \u00c0 medida que h\u00e1 cada vez mais usu\u00e1rios de m\u00eddia digital, as empresas sentem necessidade de estar presentes nesse segmento tamb\u00e9m. E as ag\u00eancias de m\u00eddia engajadas com o sucesso de seus clientes sabem que \u00e9 preciso usar dados personalizados para atingir &hellip; <a href=\"https:\/\/mais2.co\/novidades\/marketing\/conhece-o-seu-publico-alvo\/\" class=\"more-link\">Continue lendo<span class=\"screen-reader-text\"> &#8220;Conhece o seu p\u00fablico-alvo?&#8221;<\/span><\/a><\/p>\n","protected":false},"author":1,"featured_media":73,"comment_status":"open","ping_status":"open","sticky":false,"template":"","format":"standard","meta":[],"categories":[2],"tags":[9,8,10,48,47],"_links":{"self":[{"href":"https:\/\/mais2.co\/novidades\/wp-json\/wp\/v2\/posts\/70"}],"collection":[{"href":"https:\/\/mais2.co\/novidades\/wp-json\/wp\/v2\/posts"}],"about":[{"href":"https:\/\/mais2.co\/novidades\/wp-json\/wp\/v2\/types\/post"}],"author":[{"embeddable":true,"href":"https:\/\/mais2.co\/novidades\/wp-json\/wp\/v2\/users\/1"}],"replies":[{"embeddable":true,"href":"https:\/\/mais2.co\/novidades\/wp-json\/wp\/v2\/comments?post=70"}],"version-history":[{"count":4,"href":"https:\/\/mais2.co\/novidades\/wp-json\/wp\/v2\/posts\/70\/revisions"}],"predecessor-version":[{"id":110,"href":"https:\/\/mais2.co\/novidades\/wp-json\/wp\/v2\/posts\/70\/revisions\/110"}],"wp:featuredmedia":[{"embeddable":true,"href":"https:\/\/mais2.co\/novidades\/wp-json\/wp\/v2\/media\/73"}],"wp:attachment":[{"href":"https:\/\/mais2.co\/novidades\/wp-json\/wp\/v2\/media?parent=70"}],"wp:term":[{"taxonomy":"category","embeddable":true,"href":"https:\/\/mais2.co\/novidades\/wp-json\/wp\/v2\/categories?post=70"},{"taxonomy":"post_tag","embeddable":true,"href":"https:\/\/mais2.co\/novidades\/wp-json\/wp\/v2\/tags?post=70"}],"curies":[{"name":"wp","href":"https:\/\/api.w.org\/{rel}","templated":true}]}}